{"id":48114,"date":"2022-06-30T12:37:22","date_gmt":"2022-06-30T12:37:22","guid":{"rendered":"https:\/\/plateformeducourtage.fr\/?p=48114"},"modified":"2022-06-30T13:16:02","modified_gmt":"2022-06-30T13:16:02","slug":"rendez-vous-du-courtage-de-lyon-merci-pour-votre-presence","status":"publish","type":"post","link":"https:\/\/plateformeducourtage.fr\/?p=48114","title":{"rendered":"RENDEZ-VOUS DU COURTAGE DE LYON &#8211; MERCI POUR VOTRE PR\u00c9SENCE !"},"content":{"rendered":"\t\t<div data-elementor-type=\"wp-post\" data-elementor-id=\"48114\" class=\"elementor elementor-48114\" data-elementor-settings=\"[]\">\n\t\t\t\t\t\t\t<div class=\"elementor-section-wrap\">\n\t\t\t\t\t\t\t<section class=\"elementor-section elementor-top-section elementor-element elementor-element-346fcde elementor-section-boxed elementor-section-height-default elementor-section-height-default\" data-id=\"346fcde\" data-element_type=\"section\">\n\t\t\t\t\t\t<div class=\"elementor-container elementor-column-gap-default\">\n\t\t\t\t\t<div class=\"elementor-column elementor-col-50 elementor-top-column elementor-element elementor-element-adbef2e\" data-id=\"adbef2e\" data-element_type=\"column\">\n\t\t\t<div class=\"elementor-widget-wrap elementor-element-populated\">\n\t\t\t\t\t\t\t\t<div class=\"elementor-element elementor-element-d69da77 elementor-widget elementor-widget-image\" data-id=\"d69da77\" data-element_type=\"widget\" data-widget_type=\"image.default\">\n\t\t\t\t<div class=\"elementor-widget-container\">\n\t\t\t\t\t\t\t\t\t\t\t\t\t\t\t<img loading=\"lazy\" decoding=\"async\" width=\"750\" height=\"563\" src=\"https:\/\/plateformeducourtage.fr\/wp-content\/uploads\/2022\/06\/MicrosoftTeams-image-63-1024x768.jpg\" class=\"attachment-large size-large\" alt=\"\" srcset=\"https:\/\/plateformeducourtage.fr\/wp-content\/uploads\/2022\/06\/MicrosoftTeams-image-63-1024x768.jpg 1024w, https:\/\/plateformeducourtage.fr\/wp-content\/uploads\/2022\/06\/MicrosoftTeams-image-63-300x225.jpg 300w, https:\/\/plateformeducourtage.fr\/wp-content\/uploads\/2022\/06\/MicrosoftTeams-image-63-768x576.jpg 768w, https:\/\/plateformeducourtage.fr\/wp-content\/uploads\/2022\/06\/MicrosoftTeams-image-63-1536x1152.jpg 1536w, https:\/\/plateformeducourtage.fr\/wp-content\/uploads\/2022\/06\/MicrosoftTeams-image-63-2048x1536.jpg 2048w, https:\/\/plateformeducourtage.fr\/wp-content\/uploads\/2022\/06\/MicrosoftTeams-image-63-1568x1176.jpg 1568w\" sizes=\"auto, (max-width: 750px) 100vw, 750px\" style=\"width:100%;height:75%;max-width:2560px\" \/>\t\t\t\t\t\t\t\t\t\t\t\t\t\t\t<\/div>\n\t\t\t\t<\/div>\n\t\t\t\t\t<\/div>\n\t\t<\/div>\n\t\t\t\t<div class=\"elementor-column elementor-col-50 elementor-top-column elementor-element elementor-element-dfae7c8\" data-id=\"dfae7c8\" data-element_type=\"column\">\n\t\t\t<div class=\"elementor-widget-wrap elementor-element-populated\">\n\t\t\t\t\t\t\t\t<div class=\"elementor-element elementor-element-836ffd6 elementor-widget elementor-widget-heading\" data-id=\"836ffd6\" data-element_type=\"widget\" data-widget_type=\"heading.default\">\n\t\t\t\t<div class=\"elementor-widget-container\">\n\t\t\t<h2 class=\"elementor-heading-title elementor-size-default\"><div style=\"color: rgb(13, 32, 90); font-family: poppins; font-size: 26px; text-align: center; white-space: normal;\">RENDEZ-VOUS DU COURTAGE DE LYON - MERCI POUR VOTRE PR\u00c9SENCE !<br><\/div><span style=\"color: rgb(169, 204, 230); font-family: Muli; font-size: 26px; text-align: center; white-space: normal; letter-spacing: var(--heading--letter-spacing-h2);\">&nbsp; <\/span><\/h2>\t\t<\/div>\n\t\t\t\t<\/div>\n\t\t\t\t\t<\/div>\n\t\t<\/div>\n\t\t\t\t\t\t\t<\/div>\n\t\t<\/section>\n\t\t\t\t<section class=\"elementor-section elementor-top-section elementor-element elementor-element-36749c5e elementor-section-boxed elementor-section-height-default elementor-section-height-default\" data-id=\"36749c5e\" data-element_type=\"section\">\n\t\t\t\t\t\t<div class=\"elementor-container elementor-column-gap-default\">\n\t\t\t\t\t<div class=\"elementor-column elementor-col-100 elementor-top-column elementor-element elementor-element-4889b6d0\" data-id=\"4889b6d0\" data-element_type=\"column\">\n\t\t\t<div class=\"elementor-widget-wrap\">\n\t\t\t\t\t\t\t\t\t<\/div>\n\t\t<\/div>\n\t\t\t\t\t\t\t<\/div>\n\t\t<\/section>\n\t\t\t\t<section class=\"elementor-section elementor-top-section elementor-element elementor-element-c98399f elementor-section-boxed elementor-section-height-default elementor-section-height-default\" data-id=\"c98399f\" data-element_type=\"section\">\n\t\t\t\t\t\t<div class=\"elementor-container elementor-column-gap-default\">\n\t\t\t\t\t<div class=\"elementor-column elementor-col-100 elementor-top-column elementor-element elementor-element-f7a0c52\" data-id=\"f7a0c52\" data-element_type=\"column\">\n\t\t\t<div class=\"elementor-widget-wrap elementor-element-populated\">\n\t\t\t\t\t\t\t\t<div class=\"elementor-element elementor-element-dc104fc elementor-widget elementor-widget-heading\" data-id=\"dc104fc\" data-element_type=\"widget\" data-widget_type=\"heading.default\">\n\t\t\t\t<div class=\"elementor-widget-container\">\n\t\t\t<h2 class=\"elementor-heading-title elementor-size-default\"><b style=\"color: rgb(0, 0, 0); font-family: poppins; font-size: 22px; text-align: center; text-transform: none; white-space: normal;\">Le 21\u202fJuin 2022, nous \u00e9tions au Rendez-vous du Courtage \u00e0 Lyon qui rassemblait les acteurs de la distribution, les compagnies d\u2019assurance, courtiers grossistes mais aussi les acteurs du digital.  \n<\/b><\/h2>\t\t<\/div>\n\t\t\t\t<\/div>\n\t\t\t\t<div class=\"elementor-element elementor-element-a18b231 elementor-widget elementor-widget-text-editor\" data-id=\"a18b231\" data-element_type=\"widget\" data-widget_type=\"text-editor.default\">\n\t\t\t\t<div class=\"elementor-widget-container\">\n\t\t\t\t\t\t\t<p><span data-contrast=\"auto\">Pour sa 2eme \u00e9dition, cet \u00e9v\u00e8nement incontournable a r\u00e9uni plus de 1300 participants dont 80\u202ffournisseurs<\/span><span data-contrast=\"auto\"> de produits d\u2019assurance et 918\u202fcourtiers\u202fet interm\u00e9diaires en assurance.<\/span>\u00a0<br \/><span data-ccp-props=\"{&quot;201341983&quot;:0,&quot;335559739&quot;:160,&quot;335559740&quot;:259}\">\u00a0<\/span><\/p><p><span data-contrast=\"auto\">Les \u00e9quipes de la Plateforme du Courtage et de <a style=\"background-color: #ffffff; margin: 0px; padding: 0px; user-select: text; -webkit-user-drag: none; -webkit-tap-highlight-color: transparent; cursor: text;\" href=\"http:\/\/www.bubble-in.com\/\" target=\"_blank\" rel=\"noreferrer noopener\"><span lang=\"FR-FR\" style=\"margin: 0px; padding: 0px; user-select: text; -webkit-user-drag: none; -webkit-tap-highlight-color: transparent; color: #4d03b9; font-size: 14pt; text-decoration-line: underline; line-height: 27px; font-family: poppins, poppins_EmbeddedFont, poppins_MSFontService, sans-serif; font-weight: bold; font-variant-ligatures: none !important;\" xml:lang=\"FR-FR\" data-contrast=\"none\"><span style=\"margin: 0px; padding: 0px; user-select: text; -webkit-user-drag: none; -webkit-tap-highlight-color: transparent;\" data-ccp-charstyle=\"Hyperlink\">BubbleIn<\/span><\/span><\/a><span lang=\"FR-FR\" style=\"margin: 0px; padding: 0px; user-select: text; -webkit-user-drag: none; -webkit-tap-highlight-color: transparent; color: #28303d; font-size: 14pt; line-height: 27px; font-family: poppins, poppins_EmbeddedFont, poppins_MSFontService, sans-serif; font-weight: bold; font-variant-ligatures: none !important;\" xml:lang=\"FR-FR\" data-contrast=\"none\">\u202f<\/span> \u00e9taient pr\u00e9sentes lors de ce rendez-vous annuel qui se tenait dans la Capitale des Gaules.\u00a0 <\/span><span data-ccp-props=\"{&quot;201341983&quot;:0,&quot;335559739&quot;:160,&quot;335559740&quot;:259}\">\u00a0<\/span><\/p><p>\u00a0<\/p><p><span data-contrast=\"auto\">Nous avons \u00e9t\u00e9 ravis de pouvoir \u00e9changer avec nos utilisateurs et de nombreux courtiers lors de la conf\u00e9rence anim\u00e9e par Sabine GERMAIN, journaliste \u00e0 L\u2019Argus de l\u2019Assurance.\u00a0<\/span><span data-ccp-props=\"{&quot;201341983&quot;:0,&quot;335551550&quot;:6,&quot;335551620&quot;:6,&quot;335559739&quot;:160,&quot;335559740&quot;:259}\">\u00a0<\/span><\/p><p>\u00a0<\/p><p><span data-contrast=\"auto\">Ce fut l\u2019occasion pour Pierre CROZET, le Pr\u00e9sident de la Plateforme du Courtage et C\u00e9cile MERINE, CEO de BubbleIn de pr\u00e9senter notre association, nos services, nos conf\u00e9rences et notre outil <a style=\"background-color: #ffffff; margin: 0px; padding: 0px; user-select: text; -webkit-user-drag: none; -webkit-tap-highlight-color: transparent; cursor: text;\" href=\"http:\/\/www.bubble-in.com\/\" target=\"_blank\" rel=\"noreferrer noopener\"><span lang=\"FR-FR\" style=\"margin: 0px; padding: 0px; user-select: text; -webkit-user-drag: none; -webkit-tap-highlight-color: transparent; color: #4d03b9; font-size: 14pt; text-decoration-line: underline; line-height: 27px; font-family: poppins, poppins_EmbeddedFont, poppins_MSFontService, sans-serif; font-weight: bold; font-variant-ligatures: none !important;\" xml:lang=\"FR-FR\" data-contrast=\"none\"><span style=\"margin: 0px; padding: 0px; user-select: text; -webkit-user-drag: none; -webkit-tap-highlight-color: transparent;\" data-ccp-charstyle=\"Hyperlink\">BubbleIn<\/span><\/span><\/a><span lang=\"FR-FR\" style=\"margin: 0px; padding: 0px; user-select: text; -webkit-user-drag: none; -webkit-tap-highlight-color: transparent; color: #28303d; font-size: 14pt; line-height: 27px; font-family: poppins, poppins_EmbeddedFont, poppins_MSFontService, sans-serif; font-weight: bold; font-variant-ligatures: none !important;\" xml:lang=\"FR-FR\" data-contrast=\"none\">\u202f.<\/span> <\/span><span data-ccp-props=\"{&quot;201341983&quot;:0,&quot;335551550&quot;:6,&quot;335551620&quot;:6,&quot;335559739&quot;:160,&quot;335559740&quot;:259}\">\u00a0<\/span><\/p><p>\u00a0<\/p><p><span data-contrast=\"auto\">Rendez-vous les 20\/21 septembre 2022 lors des Journ\u00e9es du Courtage qui se d\u00e9rouleront \u00e0 Paris, au Palais des Congr\u00e8s.\u00a0\u00a0<\/span><span data-ccp-props=\"{&quot;201341983&quot;:0,&quot;335559739&quot;:160,&quot;335559740&quot;:259}\">\u00a0<\/span><\/p>\t\t\t\t\t\t<\/div>\n\t\t\t\t<\/div>\n\t\t\t\t\t<\/div>\n\t\t<\/div>\n\t\t\t\t\t\t\t<\/div>\n\t\t<\/section>\n\t\t\t\t\t\t<\/div>\n\t\t\t\t\t<\/div>\n\t\t","protected":false},"excerpt":{"rendered":"<p>RENDEZ-VOUS DU COURTAGE DE LYON &#8211; MERCI POUR VOTRE PR\u00c9SENCE ! &nbsp; Le 21\u202fJuin 2022, nous \u00e9tions au Rendez-vous du Courtage \u00e0 Lyon qui rassemblait les acteurs de la distribution, les compagnies d\u2019assurance, courtiers grossistes mais aussi les acteurs du digital. Pour sa 2eme \u00e9dition, cet \u00e9v\u00e8nement incontournable a r\u00e9uni plus de 1300 participants dont&hellip; <a class=\"more-link\" href=\"https:\/\/plateformeducourtage.fr\/?p=48114\">Poursuivre la lecture <span class=\"screen-reader-text\">RENDEZ-VOUS DU COURTAGE DE LYON &#8211; MERCI POUR VOTRE PR\u00c9SENCE !<\/span><\/a><\/p>\n","protected":false},"author":2,"featured_media":48124,"comment_status":"closed","ping_status":"closed","sticky":false,"template":"elementor_header_footer","format":"standard","meta":{"content-type":"","footnotes":""},"categories":[1],"tags":[],"class_list":["post-48114","post","type-post","status-publish","format-standard","has-post-thumbnail","hentry","category-uncategorized","entry"],"blog_post_layout_featured_media_urls":{"thumbnail":["https:\/\/plateformeducourtage.fr\/wp-content\/uploads\/2022\/06\/RDV-du-courtage-merci-150x150.png",150,150,true],"full":["https:\/\/plateformeducourtage.fr\/wp-content\/uploads\/2022\/06\/RDV-du-courtage-merci.png",622,375,false]},"categories_names":{"1":{"name":"Uncategorized","link":"https:\/\/plateformeducourtage.fr\/?cat=1"}},"tags_names":[],"comments_number":"0","_links":{"self":[{"href":"https:\/\/plateformeducourtage.fr\/index.php?rest_route=\/wp\/v2\/posts\/48114","targetHints":{"allow":["GET"]}}],"collection":[{"href":"https:\/\/plateformeducourtage.fr\/index.php?rest_route=\/wp\/v2\/posts"}],"about":[{"href":"https:\/\/plateformeducourtage.fr\/index.php?rest_route=\/wp\/v2\/types\/post"}],"author":[{"embeddable":true,"href":"https:\/\/plateformeducourtage.fr\/index.php?rest_route=\/wp\/v2\/users\/2"}],"replies":[{"embeddable":true,"href":"https:\/\/plateformeducourtage.fr\/index.php?rest_route=%2Fwp%2Fv2%2Fcomments&post=48114"}],"version-history":[{"count":5,"href":"https:\/\/plateformeducourtage.fr\/index.php?rest_route=\/wp\/v2\/posts\/48114\/revisions"}],"predecessor-version":[{"id":48125,"href":"https:\/\/plateformeducourtage.fr\/index.php?rest_route=\/wp\/v2\/posts\/48114\/revisions\/48125"}],"wp:featuredmedia":[{"embeddable":true,"href":"https:\/\/plateformeducourtage.fr\/index.php?rest_route=\/wp\/v2\/media\/48124"}],"wp:attachment":[{"href":"https:\/\/plateformeducourtage.fr\/index.php?rest_route=%2Fwp%2Fv2%2Fmedia&parent=48114"}],"wp:term":[{"taxonomy":"category","embeddable":true,"href":"https:\/\/plateformeducourtage.fr\/index.php?rest_route=%2Fwp%2Fv2%2Fcategories&post=48114"},{"taxonomy":"post_tag","embeddable":true,"href":"https:\/\/plateformeducourtage.fr\/index.php?rest_route=%2Fwp%2Fv2%2Ftags&post=48114"}],"curies":[{"name":"wp","href":"https:\/\/api.w.org\/{rel}","templated":true}]}}